{"id":28034,"date":"2017-09-01T15:47:15","date_gmt":"2017-09-01T13:47:15","guid":{"rendered":"https:\/\/derdeconstruct.be\/?p=28034"},"modified":"2022-03-18T18:21:29","modified_gmt":"2022-03-18T17:21:29","slug":"renovation-toiture-parking-residence-soleil-polivalent-bruxelles","status":"publish","type":"post","link":"https:\/\/derdeconstruct.be\/fr\/renovation-toiture-parking-residence-soleil-polivalent-bruxelles\/","title":{"rendered":"R\u00e9novation toiture-parking R\u00e9sidence Soleil (Polivalent \u2013 Bruxelles)"},"content":{"rendered":"<p>[et_pb_section fb_built=\u00a0\u00bb1&Prime; _builder_version=\u00a0\u00bb4.9.0&Prime; _module_preset=\u00a0\u00bbdefault\u00a0\u00bb custom_padding=\u00a0\u00bb||0px|||\u00a0\u00bb][et_pb_row _builder_version=\u00a0\u00bb4.9.0&Prime; _module_preset=\u00a0\u00bbdefault\u00a0\u00bb use_background_color_gradient=\u00a0\u00bbon\u00a0\u00bb background_color_gradient_start=\u00a0\u00bb#ffffff\u00a0\u00bb background_color_gradient_end=\u00a0\u00bbrgba(37,53,80,0.15)\u00a0\u00bb][et_pb_column type=\u00a0\u00bb4_4&Prime; _builder_version=\u00a0\u00bb4.9.0&Prime; _module_preset=\u00a0\u00bbdefault\u00a0\u00bb][et_pb_text _builder_version=\u00a0\u00bb4.9.4&Prime; _module_preset=\u00a0\u00bbdefault\u00a0\u00bb custom_margin=\u00a0\u00bb|||10px|false|false\u00a0\u00bb]<\/p>\n<p><strong>Projet<\/strong>: toiture-parking | PMMA ALSAN | r\u00e9sine | b\u00e9ton de pente <br \/><strong>Immeuble<\/strong>: R\u00e9sidence Soleil<br \/><strong>Lieu<\/strong>: Bruxelles<br \/><strong>Syndic<\/strong>: Polivalent<br \/><strong>Architecte<\/strong>: Hosmose \u2013 Laurent Serst\u00e9<br \/><strong>Ann\u00e9e de r\u00e9alisation<\/strong>: 2017<\/p>\n<p>[\/et_pb_text][\/et_pb_column][\/et_pb_row][et_pb_row _builder_version=\u00a0\u00bb4.9.0&Prime; _module_preset=\u00a0\u00bbdefault\u00a0\u00bb][et_pb_column type=\u00a0\u00bb4_4&Prime; _builder_version=\u00a0\u00bb4.9.0&Prime; _module_preset=\u00a0\u00bbdefault\u00a0\u00bb][et_pb_text _builder_version=\u00a0\u00bb4.9.1&Prime; _module_preset=\u00a0\u00bbdefault\u00a0\u00bb]<\/p>\n<p>Le r\u00e9sultat &gt;<\/p>\n<p>[\/et_pb_text][\/et_pb_column][\/et_pb_row][et_pb_row column_structure=\u00a0\u00bb1_2,1_2&Prime; _builder_version=\u00a0\u00bb4.9.0&Prime; _module_preset=\u00a0\u00bbdefault\u00a0\u00bb custom_margin=\u00a0\u00bb-25px|auto||auto||\u00a0\u00bb][et_pb_column type=\u00a0\u00bb1_2&Prime; _builder_version=\u00a0\u00bb4.9.0&Prime; _module_preset=\u00a0\u00bbdefault\u00a0\u00bb][et_pb_image src=\u00a0\u00bbhttps:\/\/derdeconstruct.be\/wp-content\/uploads\/2021\/05\/Derde-Construct-Soleil-Polivalent-DSCN1641.jpg\u00a0\u00bb title_text=\u00a0\u00bbDerde Construct &#8211; Soleil &#8211; Polivalent &#8211; DSCN1641&Prime; show_in_lightbox=\u00a0\u00bbon\u00a0\u00bb align=\u00a0\u00bbcenter\u00a0\u00bb _builder_version=\u00a0\u00bb4.9.4&Prime; _module_preset=\u00a0\u00bbdefault\u00a0\u00bb border_width_all=\u00a0\u00bb1px\u00a0\u00bb border_color_all=\u00a0\u00bbrgba(0,0,0,0.14)\u00a0\u00bb][\/et_pb_image][\/et_pb_column][et_pb_column type=\u00a0\u00bb1_2&Prime; _builder_version=\u00a0\u00bb4.9.0&Prime; _module_preset=\u00a0\u00bbdefault\u00a0\u00bb][et_pb_image src=\u00a0\u00bbhttps:\/\/derdeconstruct.be\/wp-content\/uploads\/2021\/05\/Derde-Construct-Soleil-Polivalent-DSCN1643.jpg\u00a0\u00bb title_text=\u00a0\u00bbDerde Construct &#8211; Soleil &#8211; Polivalent &#8211; DSCN1643&Prime; _builder_version=\u00a0\u00bb4.9.4&Prime; _module_preset=\u00a0\u00bbdefault\u00a0\u00bb hover_enabled=\u00a0\u00bb0&Prime; show_in_lightbox=\u00a0\u00bbon\u00a0\u00bb sticky_enabled=\u00a0\u00bb0&Prime;][\/et_pb_image][\/et_pb_column][\/et_pb_row][et_pb_row _builder_version=\u00a0\u00bb4.9.0&Prime; _module_preset=\u00a0\u00bbdefault\u00a0\u00bb custom_padding=\u00a0\u00bb12px|||||\u00a0\u00bb][et_pb_column type=\u00a0\u00bb4_4&Prime; _builder_version=\u00a0\u00bb4.9.0&Prime; _module_preset=\u00a0\u00bbdefault\u00a0\u00bb][et_pb_text _builder_version=\u00a0\u00bb4.9.4&Prime; _module_preset=\u00a0\u00bbdefault\u00a0\u00bb]<\/p>\n<p><span>Les d\u00e9tails des travaux &gt;<\/span><\/p>\n<p>[\/et_pb_text][\/et_pb_column][\/et_pb_row][et_pb_row use_custom_gutter=\u00a0\u00bbon\u00a0\u00bb gutter_width=\u00a0\u00bb1&Prime; _builder_version=\u00a0\u00bb4.9.1&Prime; _module_preset=\u00a0\u00bbdefault\u00a0\u00bb min_height=\u00a0\u00bb480.9px\u00a0\u00bb custom_margin=\u00a0\u00bb-14px||||false|false\u00a0\u00bb custom_padding=\u00a0\u00bb|0px|2px|0px|false|true\u00a0\u00bb][et_pb_column type=\u00a0\u00bb4_4&Prime; _builder_version=\u00a0\u00bb4.9.1&Prime; _module_preset=\u00a0\u00bbdefault\u00a0\u00bb][et_pb_gallery gallery_ids=\u00a0\u00bb28055,28057,28059,28061,28063,28065,28067,28041,28043,28045,28047,28049&Prime; posts_number=\u00a0\u00bb20&Prime; show_title_and_caption=\u00a0\u00bboff\u00a0\u00bb show_pagination=\u00a0\u00bboff\u00a0\u00bb _builder_version=\u00a0\u00bb4.9.4&Prime; _module_preset=\u00a0\u00bbdefault\u00a0\u00bb custom_margin=\u00a0\u00bb|0px||0px|false|true\u00a0\u00bb custom_padding=\u00a0\u00bb||||false|false\u00a0\u00bb border_width_all=\u00a0\u00bb2px\u00a0\u00bb border_color_all=\u00a0\u00bb#FFFFFF\u00a0\u00bb][\/et_pb_gallery][\/et_pb_column][\/et_pb_row][\/et_pb_section][et_pb_section fb_built=\u00a0\u00bb1&Prime; _builder_version=\u00a0\u00bb4.9.0&Prime; _module_preset=\u00a0\u00bbdefault\u00a0\u00bb][et_pb_row _builder_version=\u00a0\u00bb4.9.0&Prime; _module_preset=\u00a0\u00bbdefault\u00a0\u00bb use_background_color_gradient=\u00a0\u00bbon\u00a0\u00bb background_color_gradient_start=\u00a0\u00bb#ffffff\u00a0\u00bb background_color_gradient_end=\u00a0\u00bb#14a036&Prime; background_color_gradient_start_position=\u00a0\u00bb17%\u00a0\u00bb border_width_all=\u00a0\u00bb1px\u00a0\u00bb border_color_all=\u00a0\u00bbrgba(0,0,0,0.15)\u00a0\u00bb][et_pb_column type=\u00a0\u00bb4_4&Prime; _builder_version=\u00a0\u00bb4.9.0&Prime; _module_preset=\u00a0\u00bbdefault\u00a0\u00bb][et_pb_text _builder_version=\u00a0\u00bb4.9.0&Prime; _module_preset=\u00a0\u00bbdefault\u00a0\u00bb text_font=\u00a0\u00bb|600|||||||\u00a0\u00bb text_font_size=\u00a0\u00bb30px\u00a0\u00bb text_orientation=\u00a0\u00bbcenter\u00a0\u00bb custom_margin=\u00a0\u00bb||||false|false\u00a0\u00bb]<\/p>\n<p>Bulletin d\u2019information \u00e9lectronique<\/p>\n<p>[\/et_pb_text][et_pb_text _builder_version=\u00a0\u00bb4.9.0&Prime; _module_preset=\u00a0\u00bbdefault\u00a0\u00bb text_font=\u00a0\u00bb||||||||\u00a0\u00bb text_font_size=\u00a0\u00bb22px\u00a0\u00bb text_orientation=\u00a0\u00bbcenter\u00a0\u00bb custom_margin=\u00a0\u00bb0px||0px||false|false\u00a0\u00bb]<\/p>\n<p>avec des conseils, des projets de r\u00e9f\u00e9rence et de nouveaux chantiers<\/p>\n<p>[\/et_pb_text][et_pb_button button_url=\u00a0\u00bbhttps:\/\/us2.campaign-archive.com\/home\/?id=c2a1ec168a&#038;u=b12c3cbcc11a1eb451436eb35&Prime; url_new_window=\u00a0\u00bbon\u00a0\u00bb button_text=\u00a0\u00bbLire les derni\u00e8res \u00e9ditions\u00a0\u00bb button_alignment=\u00a0\u00bbcenter\u00a0\u00bb _builder_version=\u00a0\u00bb4.9.0&Prime; _module_preset=\u00a0\u00bbdefault\u00a0\u00bb custom_button=\u00a0\u00bbon\u00a0\u00bb button_text_size=\u00a0\u00bb16px\u00a0\u00bb button_text_color=\u00a0\u00bb#FFFFFF\u00a0\u00bb button_bg_color=\u00a0\u00bbRGBA(0,0,0,0)\u00a0\u00bb button_border_width=\u00a0\u00bb0px\u00a0\u00bb button_border_color=\u00a0\u00bbRGBA(0,0,0,0)\u00a0\u00bb button_font=\u00a0\u00bb||||on||||solid\u00a0\u00bb custom_margin=\u00a0\u00bb15px||||false|false\u00a0\u00bb][\/et_pb_button][et_pb_button button_url=\u00a0\u00bbhttps:\/\/derdeconstruct.us2.list-manage.com\/subscribe?id=c2a1ec168a&#038;u=b12c3cbcc11a1eb451436eb35&Prime; url_new_window=\u00a0\u00bbon\u00a0\u00bb button_text=\u00a0\u00bbS\u2019inscrire \u00e0 la newsletter digitale\u00a0\u00bb button_alignment=\u00a0\u00bbcenter\u00a0\u00bb _builder_version=\u00a0\u00bb4.9.0&Prime; _module_preset=\u00a0\u00bbdefault\u00a0\u00bb custom_margin=\u00a0\u00bb-8px||0px||false|false\u00a0\u00bb custom_padding=\u00a0\u00bb||||false|false\u00a0\u00bb][\/et_pb_button][\/et_pb_column][\/et_pb_row][\/et_pb_section]<\/p>\n","protected":false},"excerpt":{"rendered":"<p>Projet: toiture-parking | PMMA ALSAN | r\u00e9sine | b\u00e9ton de pente Immeuble: R\u00e9sidence SoleilLieu: BruxellesSyndic: PolivalentArchitecte: Hosmose \u2013 Laurent Serst\u00e9Ann\u00e9e de r\u00e9alisation: 2017Le r\u00e9sultat &gt;Les d\u00e9tails des travaux &gt;Bulletin d\u2019information \u00e9lectroniqueavec des conseils, des projets de r\u00e9f\u00e9rence et de nouveaux chantiers<\/p>\n","protected":false},"author":1,"featured_media":28053,"comment_status":"open","ping_status":"open","sticky":false,"template":"","format":"standard","meta":{"_et_pb_use_builder":"on","_et_pb_old_content":"","_et_gb_content_width":"","footnotes":""},"categories":[32],"tags":[],"class_list":["post-28034","post","type-post","status-publish","format-standard","has-post-thumbnail","hentry","category-toitures-parkings"],"yoast_head":"<!-- This site is optimized with the Yoast SEO plugin v27.5 - https:\/\/yoast.com\/product\/yoast-seo-wordpress\/ -->\n<title>R\u00e9novation toiture-parking R\u00e9sidence Soleil (Polivalent \u2013 Bruxelles) - Derde Construct<\/title>\n<meta name=\"robots\" content=\"index, follow, max-snippet:-1, max-image-preview:large, max-video-preview:-1\" \/>\n<link rel=\"canonical\" href=\"https:\/\/derdeconstruct.be\/fr\/renovation-toiture-parking-residence-soleil-polivalent-bruxelles\/\" \/>\n<meta property=\"og:locale\" content=\"fr_FR\" \/>\n<meta property=\"og:type\" content=\"article\" \/>\n<meta property=\"og:title\" content=\"R\u00e9novation toiture-parking R\u00e9sidence Soleil (Polivalent \u2013 Bruxelles) - Derde Construct\" \/>\n<meta property=\"og:description\" content=\"Projet: toiture-parking | PMMA ALSAN | r\u00e9sine | b\u00e9ton de pente Immeuble: R\u00e9sidence SoleilLieu: BruxellesSyndic: PolivalentArchitecte: Hosmose \u2013 Laurent Serst\u00e9Ann\u00e9e de r\u00e9alisation: 2017Le r\u00e9sultat &gt;Les d\u00e9tails des travaux &gt;Bulletin d\u2019information \u00e9lectroniqueavec des conseils, des projets de r\u00e9f\u00e9rence et de nouveaux chantiers\" \/>\n<meta property=\"og:url\" content=\"https:\/\/derdeconstruct.be\/fr\/renovation-toiture-parking-residence-soleil-polivalent-bruxelles\/\" \/>\n<meta property=\"og:site_name\" content=\"Derde Construct\" \/>\n<meta property=\"article:author\" content=\"https:\/\/www.facebook.com\/derdeconstruct\" \/>\n<meta property=\"article:published_time\" content=\"2017-09-01T13:47:15+00:00\" \/>\n<meta property=\"article:modified_time\" content=\"2022-03-18T17:21:29+00:00\" \/>\n<meta property=\"og:image\" content=\"https:\/\/derdeconstruct.be\/wp-content\/uploads\/2021\/05\/Derde-Construct-Soleil-Polivalent-DSCN1641.jpg\" \/>\n\t<meta property=\"og:image:width\" content=\"1440\" \/>\n\t<meta property=\"og:image:height\" content=\"1080\" \/>\n\t<meta property=\"og:image:type\" content=\"image\/jpeg\" \/>\n<meta name=\"author\" content=\"deMarketeer\" \/>\n<meta name=\"twitter:card\" content=\"summary_large_image\" \/>\n<meta name=\"twitter:label1\" content=\"\u00c9crit par\" \/>\n\t<meta name=\"twitter:data1\" content=\"deMarketeer\" \/>\n\t<meta name=\"twitter:label2\" content=\"Dur\u00e9e de lecture estim\u00e9e\" \/>\n\t<meta name=\"twitter:data2\" content=\"3 minutes\" \/>\n<script type=\"application\/ld+json\" class=\"yoast-schema-graph\">{\"@context\":\"https:\\\/\\\/schema.org\",\"@graph\":[{\"@type\":\"Article\",\"@id\":\"https:\\\/\\\/derdeconstruct.be\\\/fr\\\/renovation-toiture-parking-residence-soleil-polivalent-bruxelles\\\/#article\",\"isPartOf\":{\"@id\":\"https:\\\/\\\/derdeconstruct.be\\\/fr\\\/renovation-toiture-parking-residence-soleil-polivalent-bruxelles\\\/\"},\"author\":{\"name\":\"deMarketeer\",\"@id\":\"https:\\\/\\\/derdeconstruct.be\\\/fr\\\/#\\\/schema\\\/person\\\/d728accf6b1f69abb447350a6b467ecd\"},\"headline\":\"R\u00e9novation toiture-parking R\u00e9sidence Soleil (Polivalent \u2013 Bruxelles)\",\"datePublished\":\"2017-09-01T13:47:15+00:00\",\"dateModified\":\"2022-03-18T17:21:29+00:00\",\"mainEntityOfPage\":{\"@id\":\"https:\\\/\\\/derdeconstruct.be\\\/fr\\\/renovation-toiture-parking-residence-soleil-polivalent-bruxelles\\\/\"},\"wordCount\":658,\"commentCount\":0,\"image\":{\"@id\":\"https:\\\/\\\/derdeconstruct.be\\\/fr\\\/renovation-toiture-parking-residence-soleil-polivalent-bruxelles\\\/#primaryimage\"},\"thumbnailUrl\":\"https:\\\/\\\/derdeconstruct.be\\\/wp-content\\\/uploads\\\/2021\\\/05\\\/Derde-Construct-Soleil-Polivalent-DSCN1641.jpg\",\"articleSection\":[\"toitures-parkings\"],\"inLanguage\":\"fr-FR\",\"potentialAction\":[{\"@type\":\"CommentAction\",\"name\":\"Comment\",\"target\":[\"https:\\\/\\\/derdeconstruct.be\\\/fr\\\/renovation-toiture-parking-residence-soleil-polivalent-bruxelles\\\/#respond\"]}]},{\"@type\":\"WebPage\",\"@id\":\"https:\\\/\\\/derdeconstruct.be\\\/fr\\\/renovation-toiture-parking-residence-soleil-polivalent-bruxelles\\\/\",\"url\":\"https:\\\/\\\/derdeconstruct.be\\\/fr\\\/renovation-toiture-parking-residence-soleil-polivalent-bruxelles\\\/\",\"name\":\"R\u00e9novation toiture-parking R\u00e9sidence Soleil (Polivalent \u2013 Bruxelles) - Derde Construct\",\"isPartOf\":{\"@id\":\"https:\\\/\\\/derdeconstruct.be\\\/fr\\\/#website\"},\"primaryImageOfPage\":{\"@id\":\"https:\\\/\\\/derdeconstruct.be\\\/fr\\\/renovation-toiture-parking-residence-soleil-polivalent-bruxelles\\\/#primaryimage\"},\"image\":{\"@id\":\"https:\\\/\\\/derdeconstruct.be\\\/fr\\\/renovation-toiture-parking-residence-soleil-polivalent-bruxelles\\\/#primaryimage\"},\"thumbnailUrl\":\"https:\\\/\\\/derdeconstruct.be\\\/wp-content\\\/uploads\\\/2021\\\/05\\\/Derde-Construct-Soleil-Polivalent-DSCN1641.jpg\",\"datePublished\":\"2017-09-01T13:47:15+00:00\",\"dateModified\":\"2022-03-18T17:21:29+00:00\",\"author\":{\"@id\":\"https:\\\/\\\/derdeconstruct.be\\\/fr\\\/#\\\/schema\\\/person\\\/d728accf6b1f69abb447350a6b467ecd\"},\"breadcrumb\":{\"@id\":\"https:\\\/\\\/derdeconstruct.be\\\/fr\\\/renovation-toiture-parking-residence-soleil-polivalent-bruxelles\\\/#breadcrumb\"},\"inLanguage\":\"fr-FR\",\"potentialAction\":[{\"@type\":\"ReadAction\",\"target\":[\"https:\\\/\\\/derdeconstruct.be\\\/fr\\\/renovation-toiture-parking-residence-soleil-polivalent-bruxelles\\\/\"]}]},{\"@type\":\"ImageObject\",\"inLanguage\":\"fr-FR\",\"@id\":\"https:\\\/\\\/derdeconstruct.be\\\/fr\\\/renovation-toiture-parking-residence-soleil-polivalent-bruxelles\\\/#primaryimage\",\"url\":\"https:\\\/\\\/derdeconstruct.be\\\/wp-content\\\/uploads\\\/2021\\\/05\\\/Derde-Construct-Soleil-Polivalent-DSCN1641.jpg\",\"contentUrl\":\"https:\\\/\\\/derdeconstruct.be\\\/wp-content\\\/uploads\\\/2021\\\/05\\\/Derde-Construct-Soleil-Polivalent-DSCN1641.jpg\",\"width\":1440,\"height\":1080},{\"@type\":\"BreadcrumbList\",\"@id\":\"https:\\\/\\\/derdeconstruct.be\\\/fr\\\/renovation-toiture-parking-residence-soleil-polivalent-bruxelles\\\/#breadcrumb\",\"itemListElement\":[{\"@type\":\"ListItem\",\"position\":1,\"name\":\"Home\",\"item\":\"https:\\\/\\\/derdeconstruct.be\\\/fr\\\/\"},{\"@type\":\"ListItem\",\"position\":2,\"name\":\"R\u00e9novation toiture-parking R\u00e9sidence Soleil (Polivalent \u2013 Bruxelles)\"}]},{\"@type\":\"WebSite\",\"@id\":\"https:\\\/\\\/derdeconstruct.be\\\/fr\\\/#website\",\"url\":\"https:\\\/\\\/derdeconstruct.be\\\/fr\\\/\",\"name\":\"Derde Construct\",\"description\":\"\",\"potentialAction\":[{\"@type\":\"SearchAction\",\"target\":{\"@type\":\"EntryPoint\",\"urlTemplate\":\"https:\\\/\\\/derdeconstruct.be\\\/fr\\\/?s={search_term_string}\"},\"query-input\":{\"@type\":\"PropertyValueSpecification\",\"valueRequired\":true,\"valueName\":\"search_term_string\"}}],\"inLanguage\":\"fr-FR\"},{\"@type\":\"Person\",\"@id\":\"https:\\\/\\\/derdeconstruct.be\\\/fr\\\/#\\\/schema\\\/person\\\/d728accf6b1f69abb447350a6b467ecd\",\"name\":\"deMarketeer\",\"image\":{\"@type\":\"ImageObject\",\"inLanguage\":\"fr-FR\",\"@id\":\"https:\\\/\\\/secure.gravatar.com\\\/avatar\\\/0098d1cd10d483c48b6c25dc5db56dc81ed230f389d5cfed12d4573d01bf0fa8?s=96&d=mm&r=g\",\"url\":\"https:\\\/\\\/secure.gravatar.com\\\/avatar\\\/0098d1cd10d483c48b6c25dc5db56dc81ed230f389d5cfed12d4573d01bf0fa8?s=96&d=mm&r=g\",\"contentUrl\":\"https:\\\/\\\/secure.gravatar.com\\\/avatar\\\/0098d1cd10d483c48b6c25dc5db56dc81ed230f389d5cfed12d4573d01bf0fa8?s=96&d=mm&r=g\",\"caption\":\"deMarketeer\"},\"sameAs\":[\"https:\\\/\\\/derdeconstruct.be\",\"https:\\\/\\\/www.facebook.com\\\/derdeconstruct\",\"https:\\\/\\\/www.linkedin.com\\\/company\\\/derde-construct-nv\",\"https:\\\/\\\/www.youtube.com\\\/channel\\\/UCXaMrBP_GKABDayzMAecY9g\"],\"url\":\"https:\\\/\\\/derdeconstruct.be\\\/fr\\\/author\\\/demarketeer\\\/\"}]}<\/script>\n<!-- \/ Yoast SEO plugin. -->","yoast_head_json":{"title":"R\u00e9novation toiture-parking R\u00e9sidence Soleil (Polivalent \u2013 Bruxelles) - Derde Construct","robots":{"index":"index","follow":"follow","max-snippet":"max-snippet:-1","max-image-preview":"max-image-preview:large","max-video-preview":"max-video-preview:-1"},"canonical":"https:\/\/derdeconstruct.be\/fr\/renovation-toiture-parking-residence-soleil-polivalent-bruxelles\/","og_locale":"fr_FR","og_type":"article","og_title":"R\u00e9novation toiture-parking R\u00e9sidence Soleil (Polivalent \u2013 Bruxelles) - Derde Construct","og_description":"Projet: toiture-parking | PMMA ALSAN | r\u00e9sine | b\u00e9ton de pente Immeuble: R\u00e9sidence SoleilLieu: BruxellesSyndic: PolivalentArchitecte: Hosmose \u2013 Laurent Serst\u00e9Ann\u00e9e de r\u00e9alisation: 2017Le r\u00e9sultat &gt;Les d\u00e9tails des travaux &gt;Bulletin d\u2019information \u00e9lectroniqueavec des conseils, des projets de r\u00e9f\u00e9rence et de nouveaux chantiers","og_url":"https:\/\/derdeconstruct.be\/fr\/renovation-toiture-parking-residence-soleil-polivalent-bruxelles\/","og_site_name":"Derde Construct","article_author":"https:\/\/www.facebook.com\/derdeconstruct","article_published_time":"2017-09-01T13:47:15+00:00","article_modified_time":"2022-03-18T17:21:29+00:00","og_image":[{"width":1440,"height":1080,"url":"https:\/\/derdeconstruct.be\/wp-content\/uploads\/2021\/05\/Derde-Construct-Soleil-Polivalent-DSCN1641.jpg","type":"image\/jpeg"}],"author":"deMarketeer","twitter_card":"summary_large_image","twitter_misc":{"\u00c9crit par":"deMarketeer","Dur\u00e9e de lecture estim\u00e9e":"3 minutes"},"schema":{"@context":"https:\/\/schema.org","@graph":[{"@type":"Article","@id":"https:\/\/derdeconstruct.be\/fr\/renovation-toiture-parking-residence-soleil-polivalent-bruxelles\/#article","isPartOf":{"@id":"https:\/\/derdeconstruct.be\/fr\/renovation-toiture-parking-residence-soleil-polivalent-bruxelles\/"},"author":{"name":"deMarketeer","@id":"https:\/\/derdeconstruct.be\/fr\/#\/schema\/person\/d728accf6b1f69abb447350a6b467ecd"},"headline":"R\u00e9novation toiture-parking R\u00e9sidence Soleil (Polivalent \u2013 Bruxelles)","datePublished":"2017-09-01T13:47:15+00:00","dateModified":"2022-03-18T17:21:29+00:00","mainEntityOfPage":{"@id":"https:\/\/derdeconstruct.be\/fr\/renovation-toiture-parking-residence-soleil-polivalent-bruxelles\/"},"wordCount":658,"commentCount":0,"image":{"@id":"https:\/\/derdeconstruct.be\/fr\/renovation-toiture-parking-residence-soleil-polivalent-bruxelles\/#primaryimage"},"thumbnailUrl":"https:\/\/derdeconstruct.be\/wp-content\/uploads\/2021\/05\/Derde-Construct-Soleil-Polivalent-DSCN1641.jpg","articleSection":["toitures-parkings"],"inLanguage":"fr-FR","potentialAction":[{"@type":"CommentAction","name":"Comment","target":["https:\/\/derdeconstruct.be\/fr\/renovation-toiture-parking-residence-soleil-polivalent-bruxelles\/#respond"]}]},{"@type":"WebPage","@id":"https:\/\/derdeconstruct.be\/fr\/renovation-toiture-parking-residence-soleil-polivalent-bruxelles\/","url":"https:\/\/derdeconstruct.be\/fr\/renovation-toiture-parking-residence-soleil-polivalent-bruxelles\/","name":"R\u00e9novation toiture-parking R\u00e9sidence Soleil (Polivalent \u2013 Bruxelles) - Derde Construct","isPartOf":{"@id":"https:\/\/derdeconstruct.be\/fr\/#website"},"primaryImageOfPage":{"@id":"https:\/\/derdeconstruct.be\/fr\/renovation-toiture-parking-residence-soleil-polivalent-bruxelles\/#primaryimage"},"image":{"@id":"https:\/\/derdeconstruct.be\/fr\/renovation-toiture-parking-residence-soleil-polivalent-bruxelles\/#primaryimage"},"thumbnailUrl":"https:\/\/derdeconstruct.be\/wp-content\/uploads\/2021\/05\/Derde-Construct-Soleil-Polivalent-DSCN1641.jpg","datePublished":"2017-09-01T13:47:15+00:00","dateModified":"2022-03-18T17:21:29+00:00","author":{"@id":"https:\/\/derdeconstruct.be\/fr\/#\/schema\/person\/d728accf6b1f69abb447350a6b467ecd"},"breadcrumb":{"@id":"https:\/\/derdeconstruct.be\/fr\/renovation-toiture-parking-residence-soleil-polivalent-bruxelles\/#breadcrumb"},"inLanguage":"fr-FR","potentialAction":[{"@type":"ReadAction","target":["https:\/\/derdeconstruct.be\/fr\/renovation-toiture-parking-residence-soleil-polivalent-bruxelles\/"]}]},{"@type":"ImageObject","inLanguage":"fr-FR","@id":"https:\/\/derdeconstruct.be\/fr\/renovation-toiture-parking-residence-soleil-polivalent-bruxelles\/#primaryimage","url":"https:\/\/derdeconstruct.be\/wp-content\/uploads\/2021\/05\/Derde-Construct-Soleil-Polivalent-DSCN1641.jpg","contentUrl":"https:\/\/derdeconstruct.be\/wp-content\/uploads\/2021\/05\/Derde-Construct-Soleil-Polivalent-DSCN1641.jpg","width":1440,"height":1080},{"@type":"BreadcrumbList","@id":"https:\/\/derdeconstruct.be\/fr\/renovation-toiture-parking-residence-soleil-polivalent-bruxelles\/#breadcrumb","itemListElement":[{"@type":"ListItem","position":1,"name":"Home","item":"https:\/\/derdeconstruct.be\/fr\/"},{"@type":"ListItem","position":2,"name":"R\u00e9novation toiture-parking R\u00e9sidence Soleil (Polivalent \u2013 Bruxelles)"}]},{"@type":"WebSite","@id":"https:\/\/derdeconstruct.be\/fr\/#website","url":"https:\/\/derdeconstruct.be\/fr\/","name":"Derde Construct","description":"","potentialAction":[{"@type":"SearchAction","target":{"@type":"EntryPoint","urlTemplate":"https:\/\/derdeconstruct.be\/fr\/?s={search_term_string}"},"query-input":{"@type":"PropertyValueSpecification","valueRequired":true,"valueName":"search_term_string"}}],"inLanguage":"fr-FR"},{"@type":"Person","@id":"https:\/\/derdeconstruct.be\/fr\/#\/schema\/person\/d728accf6b1f69abb447350a6b467ecd","name":"deMarketeer","image":{"@type":"ImageObject","inLanguage":"fr-FR","@id":"https:\/\/secure.gravatar.com\/avatar\/0098d1cd10d483c48b6c25dc5db56dc81ed230f389d5cfed12d4573d01bf0fa8?s=96&d=mm&r=g","url":"https:\/\/secure.gravatar.com\/avatar\/0098d1cd10d483c48b6c25dc5db56dc81ed230f389d5cfed12d4573d01bf0fa8?s=96&d=mm&r=g","contentUrl":"https:\/\/secure.gravatar.com\/avatar\/0098d1cd10d483c48b6c25dc5db56dc81ed230f389d5cfed12d4573d01bf0fa8?s=96&d=mm&r=g","caption":"deMarketeer"},"sameAs":["https:\/\/derdeconstruct.be","https:\/\/www.facebook.com\/derdeconstruct","https:\/\/www.linkedin.com\/company\/derde-construct-nv","https:\/\/www.youtube.com\/channel\/UCXaMrBP_GKABDayzMAecY9g"],"url":"https:\/\/derdeconstruct.be\/fr\/author\/demarketeer\/"}]}},"_links":{"self":[{"href":"https:\/\/derdeconstruct.be\/fr\/wp-json\/wp\/v2\/posts\/28034","targetHints":{"allow":["GET"]}}],"collection":[{"href":"https:\/\/derdeconstruct.be\/fr\/wp-json\/wp\/v2\/posts"}],"about":[{"href":"https:\/\/derdeconstruct.be\/fr\/wp-json\/wp\/v2\/types\/post"}],"author":[{"embeddable":true,"href":"https:\/\/derdeconstruct.be\/fr\/wp-json\/wp\/v2\/users\/1"}],"replies":[{"embeddable":true,"href":"https:\/\/derdeconstruct.be\/fr\/wp-json\/wp\/v2\/comments?post=28034"}],"version-history":[{"count":7,"href":"https:\/\/derdeconstruct.be\/fr\/wp-json\/wp\/v2\/posts\/28034\/revisions"}],"predecessor-version":[{"id":28078,"href":"https:\/\/derdeconstruct.be\/fr\/wp-json\/wp\/v2\/posts\/28034\/revisions\/28078"}],"wp:featuredmedia":[{"embeddable":true,"href":"https:\/\/derdeconstruct.be\/fr\/wp-json\/wp\/v2\/media\/28053"}],"wp:attachment":[{"href":"https:\/\/derdeconstruct.be\/fr\/wp-json\/wp\/v2\/media?parent=28034"}],"wp:term":[{"taxonomy":"category","embeddable":true,"href":"https:\/\/derdeconstruct.be\/fr\/wp-json\/wp\/v2\/categories?post=28034"},{"taxonomy":"post_tag","embeddable":true,"href":"https:\/\/derdeconstruct.be\/fr\/wp-json\/wp\/v2\/tags?post=28034"}],"curies":[{"name":"wp","href":"https:\/\/api.w.org\/{rel}","templated":true}]}}